{"id":84443,"date":"2024-03-12T16:24:05","date_gmt":"2024-03-12T15:24:05","guid":{"rendered":"https:\/\/www.horecatrends.com\/?p=84443"},"modified":"2024-03-12T16:24:05","modified_gmt":"2024-03-12T15:24:05","slug":"cafe-van-zanten-introduces-culinary-frikandel-at-frikandellenfeest","status":"publish","type":"post","link":"https:\/\/www.horecatrends.com\/en\/cafe-van-zanten-introduces-culinary-frikandel-at-frikandellenfeest\/","title":{"rendered":"Caf\u00e9 Van Zanten introduces culinary frikandel at \u2018Frikandellenfeest\u2019"},"content":{"rendered":"<p>The frikandel does not exactly radiate haute cuisine or fine dining. Yet on March 15, Caf\u00e9 Van Zanten (in Rotterdam) is going to change this: during the Frikandellenfeest (frikandel party) guests will have the opportunity to taste the frikandel in all its culinary glory. Thus no blob of curry, mayo and some shredded raw onion, but tantalizing taste sensations that will take the deep-fried meat stick to a new level.<\/p>\n<p><!--more--><\/p>\n<p>2 minutes read<\/p>\n<h3><strong>Caf\u00e9 Van Zanten | Frikandellenfeest<\/strong><\/h3>\n<p>What can be expected? For example, an Asian style frikandel &#8216;Crispy sushi Le Frique&#8217; with avocado, futomaki, spicy kimchi and spring onion. Or maybe you prefer the frikandel &#8216;El Mexicano&#8217; with guacamole, cr\u00e8me fra\u00eeche, tomato salsa, tortilla, jalape\u00f1o, lime and cilantro. In addition to this fine frikandel dining experience, matching entertainment will be provided by none other than <a href=\"https:\/\/www.instagram.com\/arnokolenbrander\/\" target=\"_blank\" rel=\"noopener\">Arno Kolenbrander<\/a>.<\/p>\n<h3><strong>Culinary tour <\/strong><\/h3>\n<p>The culinary revaluation of the frikandel does not stand alone. Whereas <a href=\"https:\/\/www.instagram.com\/cafevanzanten\/\" target=\"_blank\" rel=\"noopener\">Caf\u00e9 Van Zanten<\/a> used to be known mainly for its perfectly tapped beer, soccer parties and enormous sunny terrace, these days they are expanding their fame with a real culinary branch. Last December, manager Leo already launched his affordable pub snacks for just ten euros.<\/p>\n<p>Nowadays, even this menu is extended with a culinary upgrade: the Fine Dining three-course menu for only \u20ac17.50. Think of a velvety tomato soup with hand-made meatballs as a starter, a main course of Leo&#8217;s choice, and for dessert still-frozen ice cream with bourbon vanilla from Madagascar, built from layers of pure Swiss couverture. Also known as -who doesn&#8217;t love it- Vienetta ice cream.<\/p>\n<h3><strong>Frikandel tasting<\/strong><\/h3>\n<p>During the Frikandellenfeest, catered by Leo, you can enjoy a Fine Dining three-course dinner, which can be ordered all week at your favorite pub on the Binnenrotte. You get a tasting of different culinary versions of the frikandel, while enjoying the musical support of Arno Kolenbrander. After purchasing a ticket, you will be expected at <a href=\"https:\/\/www.facebook.com\/CafevanZanten\/\" target=\"_blank\" rel=\"noopener\">Caf\u00e9 Van Zanten<\/a> from 19:00 to 21:00. After 21:00 there is free admission to the afterparty.<\/p>\n<p><em>Curious about other creations with the \u2018frikandel\u2019 click <a href=\"https:\/\/www.horecatrends.com\/en\/?s=frikandel\" target=\"_blank\" rel=\"noopener\">here<\/a>!<\/em><\/p>\n","protected":false},"excerpt":{"rendered":"<p>The frikandel does not exactly radiate haute cuisine or fine dining. Yet on March 15, Caf\u00e9 Van Zanten (in Rotterdam) is going to change this: <a class=\"readmore\" href=\"https:\/\/www.horecatrends.com\/en\/cafe-van-zanten-introduces-culinary-frikandel-at-frikandellenfeest\/\"> read more<\/a><\/p>\n","protected":false},"author":30,"featured_media":0,"comment_status":"open","ping_status":"closed","sticky":false,"template":"","format":"standard","meta":{"_acf_changed":false,"_monsterinsights_skip_tracking":false,"_monsterinsights_sitenote_active":false,"_monsterinsights_sitenote_note":"","_monsterinsights_sitenote_category":0,"footnotes":""},"categories":[80,85,89,109,110,111,124,120,123],"tags":[],"class_list":["post-84443","post","type-post","status-publish","format-standard","hentry","category-sector-2","category-fast-food-sector","category-restaurant-sector","category-trends-2","category-eating","category-drinking","category-p-en","category-product-2","category-promotion"],"acf":[],"yoast_head":"<!-- This site is optimized with the Yoast SEO plugin v26.6 - https:\/\/yoast.com\/wordpress\/plugins\/seo\/ -->\n<title>Caf\u00e9 Van Zanten introduces culinary frikandel at \u2018Frikandellenfeest\u2019 | horecatrends.com<\/title>\n<meta name=\"description\" content=\"On March 15, Caf\u00e9 Van Zanten is hosting the \u2018Frikandellenfeest\u2019. Guests have the chance to taste the frikandel in all its culinary glory.\" \/>\n<meta name=\"robots\" content=\"index, follow, max-snippet:-1, max-image-preview:large, max-video-preview:-1\" \/>\n<link rel=\"canonical\" href=\"https:\/\/www.horecatrends.com\/en\/cafe-van-zanten-introduces-culinary-frikandel-at-frikandellenfeest\/\" \/>\n<meta property=\"og:locale\" content=\"en_US\" \/>\n<meta property=\"og:type\" content=\"article\" \/>\n<meta property=\"og:title\" content=\"Caf\u00e9 Van Zanten introduces culinary frikandel at \u2018Frikandellenfeest\u2019 | horecatrends.com\" \/>\n<meta property=\"og:description\" content=\"On March 15, Caf\u00e9 Van Zanten is hosting the \u2018Frikandellenfeest\u2019. Guests have the chance to taste the frikandel in all its culinary glory.\" \/>\n<meta property=\"og:url\" content=\"https:\/\/www.horecatrends.com\/en\/cafe-van-zanten-introduces-culinary-frikandel-at-frikandellenfeest\/\" \/>\n<meta property=\"og:site_name\" content=\"horecatrends.com\" \/>\n<meta property=\"article:published_time\" content=\"2024-03-12T15:24:05+00:00\" \/>\n<meta name=\"author\" content=\"Stagiaire Spronsen\" \/>\n<meta name=\"twitter:label1\" content=\"Written by\" \/>\n\t<meta name=\"twitter:data1\" content=\"Stagiaire Spronsen\" \/>\n\t<meta name=\"twitter:label2\" content=\"Est. reading time\" \/>\n\t<meta name=\"twitter:data2\" content=\"2 minutes\" \/>\n<script type=\"application\/ld+json\" class=\"yoast-schema-graph\">{\"@context\":\"https:\/\/schema.org\",\"@graph\":[{\"@type\":\"WebPage\",\"@id\":\"https:\/\/www.horecatrends.com\/en\/cafe-van-zanten-introduces-culinary-frikandel-at-frikandellenfeest\/\",\"url\":\"https:\/\/www.horecatrends.com\/en\/cafe-van-zanten-introduces-culinary-frikandel-at-frikandellenfeest\/\",\"name\":\"Caf\u00e9 Van Zanten introduces culinary frikandel at \u2018Frikandellenfeest\u2019 | horecatrends.com\",\"isPartOf\":{\"@id\":\"https:\/\/www.horecatrends.com\/#website\"},\"datePublished\":\"2024-03-12T15:24:05+00:00\",\"author\":{\"@id\":\"https:\/\/www.horecatrends.com\/#\/schema\/person\/cf55298b23a18796550d764d349d4e1b\"},\"description\":\"On March 15, Caf\u00e9 Van Zanten is hosting the \u2018Frikandellenfeest\u2019. Guests have the chance to taste the frikandel in all its culinary glory.\",\"breadcrumb\":{\"@id\":\"https:\/\/www.horecatrends.com\/en\/cafe-van-zanten-introduces-culinary-frikandel-at-frikandellenfeest\/#breadcrumb\"},\"inLanguage\":\"en-US\",\"potentialAction\":[{\"@type\":\"ReadAction\",\"target\":[\"https:\/\/www.horecatrends.com\/en\/cafe-van-zanten-introduces-culinary-frikandel-at-frikandellenfeest\/\"]}]},{\"@type\":\"BreadcrumbList\",\"@id\":\"https:\/\/www.horecatrends.com\/en\/cafe-van-zanten-introduces-culinary-frikandel-at-frikandellenfeest\/#breadcrumb\",\"itemListElement\":[{\"@type\":\"ListItem\",\"position\":1,\"name\":\"Home\",\"item\":\"https:\/\/www.horecatrends.com\/en\/\"},{\"@type\":\"ListItem\",\"position\":2,\"name\":\"Caf\u00e9 Van Zanten introduces culinary frikandel at \u2018Frikandellenfeest\u2019\"}]},{\"@type\":\"WebSite\",\"@id\":\"https:\/\/www.horecatrends.com\/#website\",\"url\":\"https:\/\/www.horecatrends.com\/\",\"name\":\"horecatrends.com\",\"description\":\"Van Spronsen &amp; Partners horeca-advies\",\"potentialAction\":[{\"@type\":\"SearchAction\",\"target\":{\"@type\":\"EntryPoint\",\"urlTemplate\":\"https:\/\/www.horecatrends.com\/?s={search_term_string}\"},\"query-input\":{\"@type\":\"PropertyValueSpecification\",\"valueRequired\":true,\"valueName\":\"search_term_string\"}}],\"inLanguage\":\"en-US\"},{\"@type\":\"Person\",\"@id\":\"https:\/\/www.horecatrends.com\/#\/schema\/person\/cf55298b23a18796550d764d349d4e1b\",\"name\":\"Stagiaire Spronsen\",\"image\":{\"@type\":\"ImageObject\",\"inLanguage\":\"en-US\",\"@id\":\"https:\/\/www.horecatrends.com\/#\/schema\/person\/image\/\",\"url\":\"https:\/\/secure.gravatar.com\/avatar\/c5f5c4126701b26a6c783a26db7160a94aa3d653e1785878adfe139abcefa7b9?s=96&d=mm&r=g\",\"contentUrl\":\"https:\/\/secure.gravatar.com\/avatar\/c5f5c4126701b26a6c783a26db7160a94aa3d653e1785878adfe139abcefa7b9?s=96&d=mm&r=g\",\"caption\":\"Stagiaire Spronsen\"}}]}<\/script>\n<!-- \/ Yoast SEO plugin. -->","yoast_head_json":{"title":"Caf\u00e9 Van Zanten introduces culinary frikandel at \u2018Frikandellenfeest\u2019 | horecatrends.com","description":"On March 15, Caf\u00e9 Van Zanten is hosting the \u2018Frikandellenfeest\u2019. Guests have the chance to taste the frikandel in all its culinary glory.","robots":{"index":"index","follow":"follow","max-snippet":"max-snippet:-1","max-image-preview":"max-image-preview:large","max-video-preview":"max-video-preview:-1"},"canonical":"https:\/\/www.horecatrends.com\/en\/cafe-van-zanten-introduces-culinary-frikandel-at-frikandellenfeest\/","og_locale":"en_US","og_type":"article","og_title":"Caf\u00e9 Van Zanten introduces culinary frikandel at \u2018Frikandellenfeest\u2019 | horecatrends.com","og_description":"On March 15, Caf\u00e9 Van Zanten is hosting the \u2018Frikandellenfeest\u2019. Guests have the chance to taste the frikandel in all its culinary glory.","og_url":"https:\/\/www.horecatrends.com\/en\/cafe-van-zanten-introduces-culinary-frikandel-at-frikandellenfeest\/","og_site_name":"horecatrends.com","article_published_time":"2024-03-12T15:24:05+00:00","author":"Stagiaire Spronsen","twitter_misc":{"Written by":"Stagiaire Spronsen","Est. reading time":"2 minutes"},"schema":{"@context":"https:\/\/schema.org","@graph":[{"@type":"WebPage","@id":"https:\/\/www.horecatrends.com\/en\/cafe-van-zanten-introduces-culinary-frikandel-at-frikandellenfeest\/","url":"https:\/\/www.horecatrends.com\/en\/cafe-van-zanten-introduces-culinary-frikandel-at-frikandellenfeest\/","name":"Caf\u00e9 Van Zanten introduces culinary frikandel at \u2018Frikandellenfeest\u2019 | horecatrends.com","isPartOf":{"@id":"https:\/\/www.horecatrends.com\/#website"},"datePublished":"2024-03-12T15:24:05+00:00","author":{"@id":"https:\/\/www.horecatrends.com\/#\/schema\/person\/cf55298b23a18796550d764d349d4e1b"},"description":"On March 15, Caf\u00e9 Van Zanten is hosting the \u2018Frikandellenfeest\u2019. Guests have the chance to taste the frikandel in all its culinary glory.","breadcrumb":{"@id":"https:\/\/www.horecatrends.com\/en\/cafe-van-zanten-introduces-culinary-frikandel-at-frikandellenfeest\/#breadcrumb"},"inLanguage":"en-US","potentialAction":[{"@type":"ReadAction","target":["https:\/\/www.horecatrends.com\/en\/cafe-van-zanten-introduces-culinary-frikandel-at-frikandellenfeest\/"]}]},{"@type":"BreadcrumbList","@id":"https:\/\/www.horecatrends.com\/en\/cafe-van-zanten-introduces-culinary-frikandel-at-frikandellenfeest\/#breadcrumb","itemListElement":[{"@type":"ListItem","position":1,"name":"Home","item":"https:\/\/www.horecatrends.com\/en\/"},{"@type":"ListItem","position":2,"name":"Caf\u00e9 Van Zanten introduces culinary frikandel at \u2018Frikandellenfeest\u2019"}]},{"@type":"WebSite","@id":"https:\/\/www.horecatrends.com\/#website","url":"https:\/\/www.horecatrends.com\/","name":"horecatrends.com","description":"Van Spronsen &amp; Partners horeca-advies","potentialAction":[{"@type":"SearchAction","target":{"@type":"EntryPoint","urlTemplate":"https:\/\/www.horecatrends.com\/?s={search_term_string}"},"query-input":{"@type":"PropertyValueSpecification","valueRequired":true,"valueName":"search_term_string"}}],"inLanguage":"en-US"},{"@type":"Person","@id":"https:\/\/www.horecatrends.com\/#\/schema\/person\/cf55298b23a18796550d764d349d4e1b","name":"Stagiaire Spronsen","image":{"@type":"ImageObject","inLanguage":"en-US","@id":"https:\/\/www.horecatrends.com\/#\/schema\/person\/image\/","url":"https:\/\/secure.gravatar.com\/avatar\/c5f5c4126701b26a6c783a26db7160a94aa3d653e1785878adfe139abcefa7b9?s=96&d=mm&r=g","contentUrl":"https:\/\/secure.gravatar.com\/avatar\/c5f5c4126701b26a6c783a26db7160a94aa3d653e1785878adfe139abcefa7b9?s=96&d=mm&r=g","caption":"Stagiaire Spronsen"}}]}},"_links":{"self":[{"href":"https:\/\/www.horecatrends.com\/en\/wp-json\/wp\/v2\/posts\/84443","targetHints":{"allow":["GET"]}}],"collection":[{"href":"https:\/\/www.horecatrends.com\/en\/wp-json\/wp\/v2\/posts"}],"about":[{"href":"https:\/\/www.horecatrends.com\/en\/wp-json\/wp\/v2\/types\/post"}],"author":[{"embeddable":true,"href":"https:\/\/www.horecatrends.com\/en\/wp-json\/wp\/v2\/users\/30"}],"replies":[{"embeddable":true,"href":"https:\/\/www.horecatrends.com\/en\/wp-json\/wp\/v2\/comments?post=84443"}],"version-history":[{"count":1,"href":"https:\/\/www.horecatrends.com\/en\/wp-json\/wp\/v2\/posts\/84443\/revisions"}],"predecessor-version":[{"id":84444,"href":"https:\/\/www.horecatrends.com\/en\/wp-json\/wp\/v2\/posts\/84443\/revisions\/84444"}],"wp:attachment":[{"href":"https:\/\/www.horecatrends.com\/en\/wp-json\/wp\/v2\/media?parent=84443"}],"wp:term":[{"taxonomy":"category","embeddable":true,"href":"https:\/\/www.horecatrends.com\/en\/wp-json\/wp\/v2\/categories?post=84443"},{"taxonomy":"post_tag","embeddable":true,"href":"https:\/\/www.horecatrends.com\/en\/wp-json\/wp\/v2\/tags?post=84443"}],"curies":[{"name":"wp","href":"https:\/\/api.w.org\/{rel}","templated":true}]}}