{"id":80316,"date":"2023-03-03T14:30:31","date_gmt":"2023-03-03T13:30:31","guid":{"rendered":"https:\/\/www.horecatrends.com\/?p=80316"},"modified":"2023-03-03T14:30:31","modified_gmt":"2023-03-03T13:30:31","slug":"cafe-garcon-brings-the-third-arrondissement-of-paris-to-amsterdam-oud-zuid","status":"publish","type":"post","link":"https:\/\/www.horecatrends.com\/en\/cafe-garcon-brings-the-third-arrondissement-of-paris-to-amsterdam-oud-zuid\/","title":{"rendered":"Caf\u00e9 Gar\u00e7on brings the third arrondissement of Paris to Amsterdam Oud-Zuid"},"content":{"rendered":"<p><em>Opening<\/em> \u2013 Caf\u00e9 Gar\u00e7on, a bistro on Johannes Verhulststraat in Amsterdam Oud-Zuid opened late last year. As from now you can also enjoy \u2018en terrasse au Caf\u00e9 Gar\u00e7on\u2019. Enjoy people-watching on the terrace, sip a full burgundy and enjoy tasty escargots. In the bistro you can enjoy classic French cuisine in the heart of Amsterdam Oud-Zuid.<\/p>\n<p><!--more--><\/p>\n<p>1 minute read<\/p>\n<h3><strong>Salad Ni\u00e7oise or baguette with steak and gruy\u00e8re<\/strong><\/h3>\n<p>Settle down for lunch, dinner or ap\u00e9ro at <a href=\"https:\/\/www.instagram.com\/cafegarcon.ams\/\" target=\"_blank\" rel=\"noopener\">Caf\u00e9 Gar\u00e7on<\/a>. The menu shines in its simplicity and has many classics. For example, at lunch you can enjoy a salad Ni\u00e7oise with fresh tuna or a baguette with steak and Gruy\u00e8re. A classic steak tartare or a spring chicken from the rotisserie. Or aperitif; Blinis with hot smoked salmon or escargots.\u00a0In addition, a lot of love goes into the wine list. The sommelier selected no less than 90 wines with several wine importers, with extra attention for the white Burgundies and red Bordeaux wines.<\/p>\n<h3><strong>Caf\u00e9 Garcon | Ode to France<\/strong><\/h3>\n<p>The restaurant on the Johannes Verhulststraat exudes the atmosphere of a French bistro. The interior and the menu form a harmonious interplay. You will imagine yourself in the Interbellum period with the antique tiles, the characteristic lamps and wooden furniture. The Gobelin tapestry has a prominent place in the bistro and is an ode to France.<\/p>\n","protected":false},"excerpt":{"rendered":"<p>Opening \u2013 Caf\u00e9 Gar\u00e7on, a bistro on Johannes Verhulststraat in Amsterdam Oud-Zuid opened late last year. As from now you can also enjoy \u2018en terrasse <a class=\"readmore\" href=\"https:\/\/www.horecatrends.com\/en\/cafe-garcon-brings-the-third-arrondissement-of-paris-to-amsterdam-oud-zuid\/\"> read more<\/a><\/p>\n","protected":false},"author":3,"featured_media":0,"comment_status":"open","ping_status":"closed","sticky":false,"template":"","format":"standard","meta":{"_acf_changed":false,"_monsterinsights_skip_tracking":false,"_monsterinsights_sitenote_active":false,"_monsterinsights_sitenote_note":"","_monsterinsights_sitenote_category":0,"footnotes":""},"categories":[80,89,109,110,111,124,121],"tags":[],"class_list":["post-80316","post","type-post","status-publish","format-standard","hentry","category-sector-2","category-restaurant-sector","category-trends-2","category-eating","category-drinking","category-p-en","category-place"],"acf":[],"yoast_head":"<!-- This site is optimized with the Yoast SEO plugin v26.6 - https:\/\/yoast.com\/wordpress\/plugins\/seo\/ -->\n<title>Caf\u00e9 Gar\u00e7on brings the third arrondissement of Paris to Amsterdam Oud-Zuid | horecatrends.com<\/title>\n<meta name=\"description\" content=\"Caf\u00e9 Gar\u00e7on, a bistro on the Johannes Verhulststraat in Amsterdam opened late 2022. Since recently you can also enjoy &#039;en terrasse&#039; there.\" \/>\n<meta name=\"robots\" content=\"index, follow, max-snippet:-1, max-image-preview:large, max-video-preview:-1\" \/>\n<link rel=\"canonical\" href=\"https:\/\/www.horecatrends.com\/en\/cafe-garcon-brings-the-third-arrondissement-of-paris-to-amsterdam-oud-zuid\/\" \/>\n<meta property=\"og:locale\" content=\"en_US\" \/>\n<meta property=\"og:type\" content=\"article\" \/>\n<meta property=\"og:title\" content=\"Caf\u00e9 Gar\u00e7on brings the third arrondissement of Paris to Amsterdam Oud-Zuid | horecatrends.com\" \/>\n<meta property=\"og:description\" content=\"Caf\u00e9 Gar\u00e7on, a bistro on the Johannes Verhulststraat in Amsterdam opened late 2022. Since recently you can also enjoy &#039;en terrasse&#039; there.\" \/>\n<meta property=\"og:url\" content=\"https:\/\/www.horecatrends.com\/en\/cafe-garcon-brings-the-third-arrondissement-of-paris-to-amsterdam-oud-zuid\/\" \/>\n<meta property=\"og:site_name\" content=\"horecatrends.com\" \/>\n<meta property=\"article:published_time\" content=\"2023-03-03T13:30:31+00:00\" \/>\n<meta name=\"author\" content=\"Marjolein van Spronsen\" \/>\n<meta name=\"twitter:label1\" content=\"Written by\" \/>\n\t<meta name=\"twitter:data1\" content=\"Marjolein van Spronsen\" \/>\n\t<meta name=\"twitter:label2\" content=\"Est. reading time\" \/>\n\t<meta name=\"twitter:data2\" content=\"2 minutes\" \/>\n<script type=\"application\/ld+json\" class=\"yoast-schema-graph\">{\"@context\":\"https:\/\/schema.org\",\"@graph\":[{\"@type\":\"WebPage\",\"@id\":\"https:\/\/www.horecatrends.com\/en\/cafe-garcon-brings-the-third-arrondissement-of-paris-to-amsterdam-oud-zuid\/\",\"url\":\"https:\/\/www.horecatrends.com\/en\/cafe-garcon-brings-the-third-arrondissement-of-paris-to-amsterdam-oud-zuid\/\",\"name\":\"Caf\u00e9 Gar\u00e7on brings the third arrondissement of Paris to Amsterdam Oud-Zuid | horecatrends.com\",\"isPartOf\":{\"@id\":\"https:\/\/www.horecatrends.com\/#website\"},\"datePublished\":\"2023-03-03T13:30:31+00:00\",\"author\":{\"@id\":\"https:\/\/www.horecatrends.com\/#\/schema\/person\/6991c37cea63375734df82189bc434f3\"},\"description\":\"Caf\u00e9 Gar\u00e7on, a bistro on the Johannes Verhulststraat in Amsterdam opened late 2022. Since recently you can also enjoy 'en terrasse' there.\",\"breadcrumb\":{\"@id\":\"https:\/\/www.horecatrends.com\/en\/cafe-garcon-brings-the-third-arrondissement-of-paris-to-amsterdam-oud-zuid\/#breadcrumb\"},\"inLanguage\":\"en-US\",\"potentialAction\":[{\"@type\":\"ReadAction\",\"target\":[\"https:\/\/www.horecatrends.com\/en\/cafe-garcon-brings-the-third-arrondissement-of-paris-to-amsterdam-oud-zuid\/\"]}]},{\"@type\":\"BreadcrumbList\",\"@id\":\"https:\/\/www.horecatrends.com\/en\/cafe-garcon-brings-the-third-arrondissement-of-paris-to-amsterdam-oud-zuid\/#breadcrumb\",\"itemListElement\":[{\"@type\":\"ListItem\",\"position\":1,\"name\":\"Home\",\"item\":\"https:\/\/www.horecatrends.com\/en\/\"},{\"@type\":\"ListItem\",\"position\":2,\"name\":\"Caf\u00e9 Gar\u00e7on brings the third arrondissement of Paris to Amsterdam Oud-Zuid\"}]},{\"@type\":\"WebSite\",\"@id\":\"https:\/\/www.horecatrends.com\/#website\",\"url\":\"https:\/\/www.horecatrends.com\/\",\"name\":\"horecatrends.com\",\"description\":\"Van Spronsen &amp; Partners horeca-advies\",\"potentialAction\":[{\"@type\":\"SearchAction\",\"target\":{\"@type\":\"EntryPoint\",\"urlTemplate\":\"https:\/\/www.horecatrends.com\/?s={search_term_string}\"},\"query-input\":{\"@type\":\"PropertyValueSpecification\",\"valueRequired\":true,\"valueName\":\"search_term_string\"}}],\"inLanguage\":\"en-US\"},{\"@type\":\"Person\",\"@id\":\"https:\/\/www.horecatrends.com\/#\/schema\/person\/6991c37cea63375734df82189bc434f3\",\"name\":\"Marjolein van Spronsen\",\"image\":{\"@type\":\"ImageObject\",\"inLanguage\":\"en-US\",\"@id\":\"https:\/\/www.horecatrends.com\/#\/schema\/person\/image\/\",\"url\":\"https:\/\/secure.gravatar.com\/avatar\/166605ee592e40a4d405e08822d1af2a41cc59723472c9cad8c5d0c17f369c7b?s=96&d=mm&r=g\",\"contentUrl\":\"https:\/\/secure.gravatar.com\/avatar\/166605ee592e40a4d405e08822d1af2a41cc59723472c9cad8c5d0c17f369c7b?s=96&d=mm&r=g\",\"caption\":\"Marjolein van Spronsen\"}}]}<\/script>\n<!-- \/ Yoast SEO plugin. -->","yoast_head_json":{"title":"Caf\u00e9 Gar\u00e7on brings the third arrondissement of Paris to Amsterdam Oud-Zuid | horecatrends.com","description":"Caf\u00e9 Gar\u00e7on, a bistro on the Johannes Verhulststraat in Amsterdam opened late 2022. Since recently you can also enjoy 'en terrasse' there.","robots":{"index":"index","follow":"follow","max-snippet":"max-snippet:-1","max-image-preview":"max-image-preview:large","max-video-preview":"max-video-preview:-1"},"canonical":"https:\/\/www.horecatrends.com\/en\/cafe-garcon-brings-the-third-arrondissement-of-paris-to-amsterdam-oud-zuid\/","og_locale":"en_US","og_type":"article","og_title":"Caf\u00e9 Gar\u00e7on brings the third arrondissement of Paris to Amsterdam Oud-Zuid | horecatrends.com","og_description":"Caf\u00e9 Gar\u00e7on, a bistro on the Johannes Verhulststraat in Amsterdam opened late 2022. Since recently you can also enjoy 'en terrasse' there.","og_url":"https:\/\/www.horecatrends.com\/en\/cafe-garcon-brings-the-third-arrondissement-of-paris-to-amsterdam-oud-zuid\/","og_site_name":"horecatrends.com","article_published_time":"2023-03-03T13:30:31+00:00","author":"Marjolein van Spronsen","twitter_misc":{"Written by":"Marjolein van Spronsen","Est. reading time":"2 minutes"},"schema":{"@context":"https:\/\/schema.org","@graph":[{"@type":"WebPage","@id":"https:\/\/www.horecatrends.com\/en\/cafe-garcon-brings-the-third-arrondissement-of-paris-to-amsterdam-oud-zuid\/","url":"https:\/\/www.horecatrends.com\/en\/cafe-garcon-brings-the-third-arrondissement-of-paris-to-amsterdam-oud-zuid\/","name":"Caf\u00e9 Gar\u00e7on brings the third arrondissement of Paris to Amsterdam Oud-Zuid | horecatrends.com","isPartOf":{"@id":"https:\/\/www.horecatrends.com\/#website"},"datePublished":"2023-03-03T13:30:31+00:00","author":{"@id":"https:\/\/www.horecatrends.com\/#\/schema\/person\/6991c37cea63375734df82189bc434f3"},"description":"Caf\u00e9 Gar\u00e7on, a bistro on the Johannes Verhulststraat in Amsterdam opened late 2022. Since recently you can also enjoy 'en terrasse' there.","breadcrumb":{"@id":"https:\/\/www.horecatrends.com\/en\/cafe-garcon-brings-the-third-arrondissement-of-paris-to-amsterdam-oud-zuid\/#breadcrumb"},"inLanguage":"en-US","potentialAction":[{"@type":"ReadAction","target":["https:\/\/www.horecatrends.com\/en\/cafe-garcon-brings-the-third-arrondissement-of-paris-to-amsterdam-oud-zuid\/"]}]},{"@type":"BreadcrumbList","@id":"https:\/\/www.horecatrends.com\/en\/cafe-garcon-brings-the-third-arrondissement-of-paris-to-amsterdam-oud-zuid\/#breadcrumb","itemListElement":[{"@type":"ListItem","position":1,"name":"Home","item":"https:\/\/www.horecatrends.com\/en\/"},{"@type":"ListItem","position":2,"name":"Caf\u00e9 Gar\u00e7on brings the third arrondissement of Paris to Amsterdam Oud-Zuid"}]},{"@type":"WebSite","@id":"https:\/\/www.horecatrends.com\/#website","url":"https:\/\/www.horecatrends.com\/","name":"horecatrends.com","description":"Van Spronsen &amp; Partners horeca-advies","potentialAction":[{"@type":"SearchAction","target":{"@type":"EntryPoint","urlTemplate":"https:\/\/www.horecatrends.com\/?s={search_term_string}"},"query-input":{"@type":"PropertyValueSpecification","valueRequired":true,"valueName":"search_term_string"}}],"inLanguage":"en-US"},{"@type":"Person","@id":"https:\/\/www.horecatrends.com\/#\/schema\/person\/6991c37cea63375734df82189bc434f3","name":"Marjolein van Spronsen","image":{"@type":"ImageObject","inLanguage":"en-US","@id":"https:\/\/www.horecatrends.com\/#\/schema\/person\/image\/","url":"https:\/\/secure.gravatar.com\/avatar\/166605ee592e40a4d405e08822d1af2a41cc59723472c9cad8c5d0c17f369c7b?s=96&d=mm&r=g","contentUrl":"https:\/\/secure.gravatar.com\/avatar\/166605ee592e40a4d405e08822d1af2a41cc59723472c9cad8c5d0c17f369c7b?s=96&d=mm&r=g","caption":"Marjolein van Spronsen"}}]}},"_links":{"self":[{"href":"https:\/\/www.horecatrends.com\/en\/wp-json\/wp\/v2\/posts\/80316","targetHints":{"allow":["GET"]}}],"collection":[{"href":"https:\/\/www.horecatrends.com\/en\/wp-json\/wp\/v2\/posts"}],"about":[{"href":"https:\/\/www.horecatrends.com\/en\/wp-json\/wp\/v2\/types\/post"}],"author":[{"embeddable":true,"href":"https:\/\/www.horecatrends.com\/en\/wp-json\/wp\/v2\/users\/3"}],"replies":[{"embeddable":true,"href":"https:\/\/www.horecatrends.com\/en\/wp-json\/wp\/v2\/comments?post=80316"}],"version-history":[{"count":1,"href":"https:\/\/www.horecatrends.com\/en\/wp-json\/wp\/v2\/posts\/80316\/revisions"}],"predecessor-version":[{"id":80317,"href":"https:\/\/www.horecatrends.com\/en\/wp-json\/wp\/v2\/posts\/80316\/revisions\/80317"}],"wp:attachment":[{"href":"https:\/\/www.horecatrends.com\/en\/wp-json\/wp\/v2\/media?parent=80316"}],"wp:term":[{"taxonomy":"category","embeddable":true,"href":"https:\/\/www.horecatrends.com\/en\/wp-json\/wp\/v2\/categories?post=80316"},{"taxonomy":"post_tag","embeddable":true,"href":"https:\/\/www.horecatrends.com\/en\/wp-json\/wp\/v2\/tags?post=80316"}],"curies":[{"name":"wp","href":"https:\/\/api.w.org\/{rel}","templated":true}]}}