{"id":53884,"date":"2018-08-09T13:06:00","date_gmt":"2018-08-09T11:06:00","guid":{"rendered":"https:\/\/www.horecatrends.com\/?p=53884"},"modified":"2018-08-09T13:06:00","modified_gmt":"2018-08-09T11:06:00","slug":"cakes-bubbles-by-albert-adria-opens-this-november-at-hotel-cafe-royal","status":"publish","type":"post","link":"https:\/\/www.horecatrends.com\/en\/cakes-bubbles-by-albert-adria-opens-this-november-at-hotel-cafe-royal\/","title":{"rendered":"Cakes &#038; Bubbles by Albert Adri\u00e0 | Opens this November at Hotel Caf\u00e9 Royal"},"content":{"rendered":"<p>After his successful pop up at Hotel Caf\u00e9 Royal in 2016, the famed chef Albert Adri\u00e0\u2013 who built a gastronomic revolution alongside his brother, Ferran, at the legendary Michelin three-star elBulli \u2013 returns to London to launch a permanent site, \u2018Cakes and Bubbles\u2019, this November. Adri\u00e0, who was voted The World&#8217;s Best Pastry Chef by The World\u2019s 50 Best Restaurants in 2015, runs an empire of restaurants which range from the perpetually sold-out avant-garde tapas bar Tickets, to Hoja Santa, a modern Mexican table that was awarded a star in the 2016 Michelin guide, and his lauded latest venture, Enigma. Cakes &amp; Bubbles marks Adri\u00e0\u2019s first bricks and mortar establishment outside Spain. Adri\u00e0 comments \u201cI believe London is the capital of the world, and I\u2019m looking forward to this new challenge. It\u2019s a project that excites me as a pastry chef \u2013 I\u2019ve never opened anything specifically related to the sweet world. Our approach and menu will be a cross between the classical and contemporary. I am looking forward to bringing this concept to Hotel Caf\u00e9 Royal, London\u2019s only modern grand hotel and the place I feel I belong whilst in the city\u201d.<\/p>\n<p><!--more--><\/p>\n<h3><strong>Cakes &amp; Bubbles<\/strong><\/h3>\n<p>Cakes &amp; Bubbles adds to an exciting culinary programme at <a href=\"https:\/\/www.facebook.com\/HotelCafeRoyal\/\" target=\"_blank\" rel=\"noopener\">Hotel Caf\u00e9 Royal,<\/a> which has been developing with increasing fervour over the past few years. In addition to Adri\u00e0\u2019s previous project in 2016, the Roca brothers of El Celler de Can Roca brought their famous Girona-influenced cuisine to the iconic hotel that same year. Cakes &amp; Bubbles also joins newly opened Laurent, a 110-cover restaurant helmed by internationally renowned French chef Laurent Tourondel that debuted in June 2018.<\/p>\n<p>Cakes &amp; Bubbles will offer the perfect blend of tradition and modernity \u2013 with the whimsy and playfulness that has come to define Adri\u00e0\u2019s work \u2013 serving a parade of exceptional desserts that defy description. A classic Spanish cheesecake and the renowned \u2018Tickets\u2019 cheesecake, a delicately made and exquisite dessert with notes of hazelnut flavours complete with a non-traditional rind of white chocolate, offers customers a taste from one the most sought-after reservations in the restaurant world. \u2018Classics\u2019 such as Egg flan with dark caramel and homemade donuts sit alongside decadent fruit cakes including Pineapple with palm honey and Strawberries with fresh orange jus. Additionally, a selection of specials such as Airwaffles with caramelised banana and Chocolate ninyoyaki cake balls round out the menu alongside traditional pastries. A wide selection of Champagnes and sparkling wines by the glass and by the bottle will be available, well priced for accessibility and to allow for exploration of the varied producers on offer.<\/p>\n<h3><strong>Hotel Caf\u00e9 Royal part of The Set Hotels<\/strong><\/h3>\n<p>Recently we enjoyed one of their suites, spacious (specially for London) and beautiful decorated. With \u00a0one of the most beautiful, spacious underground spa\u2019s we have ever seen!<\/p>\n<p>Caf\u00e9 Royal opened back in 1865 and is an established and iconic landmark on the British capital\u2019s social scene for a century and a half. In its recent reincarnation as the luxurious Hotel Caf\u00e9 Royal, it remains an established favourite for locals, while becoming a global destination. Located in the heart of London, with elegant Mayfair to the west and creative Soho to the East, the hotel is perfectly positioned within walking distance of London\u2019s finest shopping streets, tourist attractions and theatreland. Within the hotel, grand historic areas have been sensitively restored while 160 guestrooms and suites (including seven signature suites) have been created in a contemporary yet refined style. Continuing its celebrated legacy of excellent hospitality and dining, the hotel offers a selection of restaurants and bars and a holistic wellbeing concept, Akasha. Hotel Caf\u00e9 Royal is part of <a href=\"http:\/\/www.thesethotels.com\" target=\"_blank\" rel=\"noopener\">The Set Hotels<\/a>, with the Conservatorium in Amsterdam and the recently opened Lutetia hotel in Paris. All are inspired by the artistic and imaginative heritage of their buildings and their iconic cultural and vibrant locations.<\/p>\n","protected":false},"excerpt":{"rendered":"<p>After his successful pop up at Hotel Caf\u00e9 Royal in 2016, the famed chef Albert Adri\u00e0\u2013 who built a gastronomic revolution alongside his brother, Ferran, <a class=\"readmore\" href=\"https:\/\/www.horecatrends.com\/en\/cakes-bubbles-by-albert-adria-opens-this-november-at-hotel-cafe-royal\/\"> read more<\/a><\/p>\n","protected":false},"author":3,"featured_media":0,"comment_status":"open","ping_status":"closed","sticky":false,"template":"","format":"standard","meta":{"_acf_changed":false,"_monsterinsights_skip_tracking":false,"_monsterinsights_sitenote_active":false,"_monsterinsights_sitenote_note":"","_monsterinsights_sitenote_category":0,"footnotes":""},"categories":[111,113,115,116,80,89,124,98,109,110,120,121,123],"tags":[],"class_list":["post-53884","post","type-post","status-publish","format-standard","hentry","category-drinking","category-hospitality","category-pop-up-main-2","category-co-creation","category-sector-2","category-restaurant-sector","category-p-en","category-hotel-sector","category-trends-2","category-eating","category-product-2","category-place","category-promotion"],"acf":[],"yoast_head":"<!-- This site is optimized with the Yoast SEO plugin v26.6 - https:\/\/yoast.com\/wordpress\/plugins\/seo\/ -->\n<title>Cakes &amp; Bubbles by Albert Adri\u00e0 | Opens this November at Hotel Caf\u00e9 Royal | horecatrends.com<\/title>\n<meta name=\"description\" content=\"After his successful pop up at Hotel Caf\u00e9 Royal in 2016, the famed chef Albert Adri\u00e0\u2013 who built a gastronomic revolution alongside his brother, Ferran, at the legendary Michelin three-star elBulli \u2013 returns to London to launch a permanent site, \u2018Cakes &amp; Bubbles\u2019, this November.\" \/>\n<meta name=\"robots\" content=\"index, follow, max-snippet:-1, max-image-preview:large, max-video-preview:-1\" \/>\n<link rel=\"canonical\" href=\"https:\/\/www.horecatrends.com\/en\/cakes-bubbles-by-albert-adria-opens-this-november-at-hotel-cafe-royal\/\" \/>\n<meta property=\"og:locale\" content=\"en_US\" \/>\n<meta property=\"og:type\" content=\"article\" \/>\n<meta property=\"og:title\" content=\"Cakes &amp; Bubbles by Albert Adri\u00e0 | Opens this November at Hotel Caf\u00e9 Royal\" \/>\n<meta property=\"og:description\" content=\"After his successful pop up at Hotel Caf\u00e9 Royal in 2016, the famed chef Albert Adri\u00e0\u2013 who built a gastronomic revolution alongside his brother, Ferran, at the legendary Michelin three-star elBulli \u2013 returns to London to launch a permanent site, \u2018Cakes &amp; Bubbles\u2019, this November.\" \/>\n<meta property=\"og:url\" content=\"https:\/\/www.horecatrends.com\/en\/cakes-bubbles-by-albert-adria-opens-this-november-at-hotel-cafe-royal\/\" \/>\n<meta property=\"og:site_name\" content=\"horecatrends.com\" \/>\n<meta property=\"article:published_time\" content=\"2018-08-09T11:06:00+00:00\" \/>\n<meta name=\"author\" content=\"Marjolein van Spronsen\" \/>\n<meta name=\"twitter:label1\" content=\"Written by\" \/>\n\t<meta name=\"twitter:data1\" content=\"Marjolein van Spronsen\" \/>\n\t<meta name=\"twitter:label2\" content=\"Est. reading time\" \/>\n\t<meta name=\"twitter:data2\" content=\"3 minutes\" \/>\n<script type=\"application\/ld+json\" class=\"yoast-schema-graph\">{\"@context\":\"https:\/\/schema.org\",\"@graph\":[{\"@type\":\"WebPage\",\"@id\":\"https:\/\/www.horecatrends.com\/en\/cakes-bubbles-by-albert-adria-opens-this-november-at-hotel-cafe-royal\/\",\"url\":\"https:\/\/www.horecatrends.com\/en\/cakes-bubbles-by-albert-adria-opens-this-november-at-hotel-cafe-royal\/\",\"name\":\"Cakes & Bubbles by Albert Adri\u00e0 | Opens this November at Hotel Caf\u00e9 Royal | horecatrends.com\",\"isPartOf\":{\"@id\":\"https:\/\/www.horecatrends.com\/#website\"},\"datePublished\":\"2018-08-09T11:06:00+00:00\",\"author\":{\"@id\":\"https:\/\/www.horecatrends.com\/#\/schema\/person\/6991c37cea63375734df82189bc434f3\"},\"description\":\"After his successful pop up at Hotel Caf\u00e9 Royal in 2016, the famed chef Albert Adri\u00e0\u2013 who built a gastronomic revolution alongside his brother, Ferran, at the legendary Michelin three-star elBulli \u2013 returns to London to launch a permanent site, \u2018Cakes & Bubbles\u2019, this November.\",\"breadcrumb\":{\"@id\":\"https:\/\/www.horecatrends.com\/en\/cakes-bubbles-by-albert-adria-opens-this-november-at-hotel-cafe-royal\/#breadcrumb\"},\"inLanguage\":\"en-US\",\"potentialAction\":[{\"@type\":\"ReadAction\",\"target\":[\"https:\/\/www.horecatrends.com\/en\/cakes-bubbles-by-albert-adria-opens-this-november-at-hotel-cafe-royal\/\"]}]},{\"@type\":\"BreadcrumbList\",\"@id\":\"https:\/\/www.horecatrends.com\/en\/cakes-bubbles-by-albert-adria-opens-this-november-at-hotel-cafe-royal\/#breadcrumb\",\"itemListElement\":[{\"@type\":\"ListItem\",\"position\":1,\"name\":\"Home\",\"item\":\"https:\/\/www.horecatrends.com\/en\/\"},{\"@type\":\"ListItem\",\"position\":2,\"name\":\"Cakes &#038; Bubbles by Albert Adri\u00e0 | Opens this November at Hotel Caf\u00e9 Royal\"}]},{\"@type\":\"WebSite\",\"@id\":\"https:\/\/www.horecatrends.com\/#website\",\"url\":\"https:\/\/www.horecatrends.com\/\",\"name\":\"horecatrends.com\",\"description\":\"Van Spronsen &amp; Partners horeca-advies\",\"potentialAction\":[{\"@type\":\"SearchAction\",\"target\":{\"@type\":\"EntryPoint\",\"urlTemplate\":\"https:\/\/www.horecatrends.com\/?s={search_term_string}\"},\"query-input\":{\"@type\":\"PropertyValueSpecification\",\"valueRequired\":true,\"valueName\":\"search_term_string\"}}],\"inLanguage\":\"en-US\"},{\"@type\":\"Person\",\"@id\":\"https:\/\/www.horecatrends.com\/#\/schema\/person\/6991c37cea63375734df82189bc434f3\",\"name\":\"Marjolein van Spronsen\",\"image\":{\"@type\":\"ImageObject\",\"inLanguage\":\"en-US\",\"@id\":\"https:\/\/www.horecatrends.com\/#\/schema\/person\/image\/\",\"url\":\"https:\/\/secure.gravatar.com\/avatar\/166605ee592e40a4d405e08822d1af2a41cc59723472c9cad8c5d0c17f369c7b?s=96&d=mm&r=g\",\"contentUrl\":\"https:\/\/secure.gravatar.com\/avatar\/166605ee592e40a4d405e08822d1af2a41cc59723472c9cad8c5d0c17f369c7b?s=96&d=mm&r=g\",\"caption\":\"Marjolein van Spronsen\"}}]}<\/script>\n<!-- \/ Yoast SEO plugin. -->","yoast_head_json":{"title":"Cakes & Bubbles by Albert Adri\u00e0 | Opens this November at Hotel Caf\u00e9 Royal | horecatrends.com","description":"After his successful pop up at Hotel Caf\u00e9 Royal in 2016, the famed chef Albert Adri\u00e0\u2013 who built a gastronomic revolution alongside his brother, Ferran, at the legendary Michelin three-star elBulli \u2013 returns to London to launch a permanent site, \u2018Cakes & Bubbles\u2019, this November.","robots":{"index":"index","follow":"follow","max-snippet":"max-snippet:-1","max-image-preview":"max-image-preview:large","max-video-preview":"max-video-preview:-1"},"canonical":"https:\/\/www.horecatrends.com\/en\/cakes-bubbles-by-albert-adria-opens-this-november-at-hotel-cafe-royal\/","og_locale":"en_US","og_type":"article","og_title":"Cakes & Bubbles by Albert Adri\u00e0 | Opens this November at Hotel Caf\u00e9 Royal","og_description":"After his successful pop up at Hotel Caf\u00e9 Royal in 2016, the famed chef Albert Adri\u00e0\u2013 who built a gastronomic revolution alongside his brother, Ferran, at the legendary Michelin three-star elBulli \u2013 returns to London to launch a permanent site, \u2018Cakes & Bubbles\u2019, this November.","og_url":"https:\/\/www.horecatrends.com\/en\/cakes-bubbles-by-albert-adria-opens-this-november-at-hotel-cafe-royal\/","og_site_name":"horecatrends.com","article_published_time":"2018-08-09T11:06:00+00:00","author":"Marjolein van Spronsen","twitter_misc":{"Written by":"Marjolein van Spronsen","Est. reading time":"3 minutes"},"schema":{"@context":"https:\/\/schema.org","@graph":[{"@type":"WebPage","@id":"https:\/\/www.horecatrends.com\/en\/cakes-bubbles-by-albert-adria-opens-this-november-at-hotel-cafe-royal\/","url":"https:\/\/www.horecatrends.com\/en\/cakes-bubbles-by-albert-adria-opens-this-november-at-hotel-cafe-royal\/","name":"Cakes & Bubbles by Albert Adri\u00e0 | Opens this November at Hotel Caf\u00e9 Royal | horecatrends.com","isPartOf":{"@id":"https:\/\/www.horecatrends.com\/#website"},"datePublished":"2018-08-09T11:06:00+00:00","author":{"@id":"https:\/\/www.horecatrends.com\/#\/schema\/person\/6991c37cea63375734df82189bc434f3"},"description":"After his successful pop up at Hotel Caf\u00e9 Royal in 2016, the famed chef Albert Adri\u00e0\u2013 who built a gastronomic revolution alongside his brother, Ferran, at the legendary Michelin three-star elBulli \u2013 returns to London to launch a permanent site, \u2018Cakes & Bubbles\u2019, this November.","breadcrumb":{"@id":"https:\/\/www.horecatrends.com\/en\/cakes-bubbles-by-albert-adria-opens-this-november-at-hotel-cafe-royal\/#breadcrumb"},"inLanguage":"en-US","potentialAction":[{"@type":"ReadAction","target":["https:\/\/www.horecatrends.com\/en\/cakes-bubbles-by-albert-adria-opens-this-november-at-hotel-cafe-royal\/"]}]},{"@type":"BreadcrumbList","@id":"https:\/\/www.horecatrends.com\/en\/cakes-bubbles-by-albert-adria-opens-this-november-at-hotel-cafe-royal\/#breadcrumb","itemListElement":[{"@type":"ListItem","position":1,"name":"Home","item":"https:\/\/www.horecatrends.com\/en\/"},{"@type":"ListItem","position":2,"name":"Cakes &#038; Bubbles by Albert Adri\u00e0 | Opens this November at Hotel Caf\u00e9 Royal"}]},{"@type":"WebSite","@id":"https:\/\/www.horecatrends.com\/#website","url":"https:\/\/www.horecatrends.com\/","name":"horecatrends.com","description":"Van Spronsen &amp; Partners horeca-advies","potentialAction":[{"@type":"SearchAction","target":{"@type":"EntryPoint","urlTemplate":"https:\/\/www.horecatrends.com\/?s={search_term_string}"},"query-input":{"@type":"PropertyValueSpecification","valueRequired":true,"valueName":"search_term_string"}}],"inLanguage":"en-US"},{"@type":"Person","@id":"https:\/\/www.horecatrends.com\/#\/schema\/person\/6991c37cea63375734df82189bc434f3","name":"Marjolein van Spronsen","image":{"@type":"ImageObject","inLanguage":"en-US","@id":"https:\/\/www.horecatrends.com\/#\/schema\/person\/image\/","url":"https:\/\/secure.gravatar.com\/avatar\/166605ee592e40a4d405e08822d1af2a41cc59723472c9cad8c5d0c17f369c7b?s=96&d=mm&r=g","contentUrl":"https:\/\/secure.gravatar.com\/avatar\/166605ee592e40a4d405e08822d1af2a41cc59723472c9cad8c5d0c17f369c7b?s=96&d=mm&r=g","caption":"Marjolein van Spronsen"}}]}},"_links":{"self":[{"href":"https:\/\/www.horecatrends.com\/en\/wp-json\/wp\/v2\/posts\/53884","targetHints":{"allow":["GET"]}}],"collection":[{"href":"https:\/\/www.horecatrends.com\/en\/wp-json\/wp\/v2\/posts"}],"about":[{"href":"https:\/\/www.horecatrends.com\/en\/wp-json\/wp\/v2\/types\/post"}],"author":[{"embeddable":true,"href":"https:\/\/www.horecatrends.com\/en\/wp-json\/wp\/v2\/users\/3"}],"replies":[{"embeddable":true,"href":"https:\/\/www.horecatrends.com\/en\/wp-json\/wp\/v2\/comments?post=53884"}],"version-history":[{"count":1,"href":"https:\/\/www.horecatrends.com\/en\/wp-json\/wp\/v2\/posts\/53884\/revisions"}],"predecessor-version":[{"id":53886,"href":"https:\/\/www.horecatrends.com\/en\/wp-json\/wp\/v2\/posts\/53884\/revisions\/53886"}],"wp:attachment":[{"href":"https:\/\/www.horecatrends.com\/en\/wp-json\/wp\/v2\/media?parent=53884"}],"wp:term":[{"taxonomy":"category","embeddable":true,"href":"https:\/\/www.horecatrends.com\/en\/wp-json\/wp\/v2\/categories?post=53884"},{"taxonomy":"post_tag","embeddable":true,"href":"https:\/\/www.horecatrends.com\/en\/wp-json\/wp\/v2\/tags?post=53884"}],"curies":[{"name":"wp","href":"https:\/\/api.w.org\/{rel}","templated":true}]}}