{"id":20287,"date":"2014-11-28T15:26:33","date_gmt":"2014-11-28T14:26:33","guid":{"rendered":"https:\/\/www.horecatrends.com\/?p=20287"},"modified":"2014-11-28T15:53:37","modified_gmt":"2014-11-28T14:53:37","slug":"tribute-alain-passard","status":"publish","type":"post","link":"https:\/\/www.horecatrends.com\/en\/tribute-alain-passard\/","title":{"rendered":"Tribute to Alain Passard"},"content":{"rendered":"<p>In our humble opinion a chef can\u2019t get a better tribute! Eight chefs who have ever worked for and are inspired by Alain Passard, have jointly catered a dinner in honor of his cooking style. Initiated by <a href=\"https:\/\/www.finedininglovers.com\/video\/events\/fooding-paris-2014-passard-video\/\" target=\"_blank\">Le Fooding<\/a> and sponsored by San Pellegrino. \u2018Alain Passard et les Arp\u00e9giens\u2019; Bj\u00f6rn Frantz\u00e9n, Sven Chartier, Mauro Calagreco, David Toutain, Tatiana Levha, Bertrenad Gr\u00e9baut, Marc Cordonnier and Ludo Lefebvre.<\/p>\n<h3>Reunion: Chefs tell about Alain Passard&#8217;s cooking style<\/h3>\n<p>Vegetables, respect for the product, watching and listening to the product, the product of this moment has the most flavor, be careful with heat and a fine balance between fat and acid. A great tribute to Alain Passard.<\/p>\n<h3>Great tribute<\/h3>\n<p>Great idea to organize a similar tribute to a Dutch chef around the presentation of a magazine or book, like the \u2018Lekker\u2019, the GaultMillau (from the Netherlands), \u2018Grootspraak\u2019 or around a special edition of Delicious.<\/p>\n","protected":false},"excerpt":{"rendered":"<p>In our humble opinion a chef can\u2019t get a better tribute! Eight chefs who have ever worked for and are inspired by Alain Passard, have <a class=\"readmore\" href=\"https:\/\/www.horecatrends.com\/en\/tribute-alain-passard\/\"> read more<\/a><\/p>\n","protected":false},"author":3,"featured_media":0,"comment_status":"open","ping_status":"open","sticky":false,"template":"","format":"standard","meta":{"_acf_changed":false,"_monsterinsights_skip_tracking":false,"_monsterinsights_sitenote_active":false,"_monsterinsights_sitenote_note":"","_monsterinsights_sitenote_category":0,"footnotes":""},"categories":[109,110,116,124,80,89,123,122],"tags":[],"class_list":["post-20287","post","type-post","status-publish","format-standard","hentry","category-trends-2","category-eating","category-co-creation","category-p-en","category-sector-2","category-restaurant-sector","category-promotion","category-people"],"acf":[],"yoast_head":"<!-- This site is optimized with the Yoast SEO plugin v26.6 - https:\/\/yoast.com\/wordpress\/plugins\/seo\/ -->\n<title>Tribute to Alain Passard | horecatrends.com<\/title>\n<meta name=\"description\" content=\"Eight chefs who have ever worked for and are inspired by Alain Passard, have jointly catered a tribute dinner in honor of his cooking style.\" \/>\n<meta name=\"robots\" content=\"index, follow, max-snippet:-1, max-image-preview:large, max-video-preview:-1\" \/>\n<link rel=\"canonical\" href=\"https:\/\/www.horecatrends.com\/en\/tribute-alain-passard\/\" \/>\n<meta property=\"og:locale\" content=\"en_US\" \/>\n<meta property=\"og:type\" content=\"article\" \/>\n<meta property=\"og:title\" content=\"Tribute to Alain Passard | horecatrends.com\" \/>\n<meta property=\"og:description\" content=\"Eight chefs who have ever worked for and are inspired by Alain Passard, have jointly catered a tribute dinner in honor of his cooking style.\" \/>\n<meta property=\"og:url\" content=\"https:\/\/www.horecatrends.com\/en\/tribute-alain-passard\/\" \/>\n<meta property=\"og:site_name\" content=\"horecatrends.com\" \/>\n<meta property=\"article:published_time\" content=\"2014-11-28T14:26:33+00:00\" \/>\n<meta property=\"article:modified_time\" content=\"2014-11-28T14:53:37+00:00\" \/>\n<meta name=\"author\" content=\"Marjolein van Spronsen\" \/>\n<meta name=\"twitter:label1\" content=\"Written by\" \/>\n\t<meta name=\"twitter:data1\" content=\"Marjolein van Spronsen\" \/>\n\t<meta name=\"twitter:label2\" content=\"Est. reading time\" \/>\n\t<meta name=\"twitter:data2\" content=\"1 minute\" \/>\n<script type=\"application\/ld+json\" class=\"yoast-schema-graph\">{\"@context\":\"https:\/\/schema.org\",\"@graph\":[{\"@type\":\"WebPage\",\"@id\":\"https:\/\/www.horecatrends.com\/en\/tribute-alain-passard\/\",\"url\":\"https:\/\/www.horecatrends.com\/en\/tribute-alain-passard\/\",\"name\":\"Tribute to Alain Passard | horecatrends.com\",\"isPartOf\":{\"@id\":\"https:\/\/www.horecatrends.com\/#website\"},\"datePublished\":\"2014-11-28T14:26:33+00:00\",\"dateModified\":\"2014-11-28T14:53:37+00:00\",\"author\":{\"@id\":\"https:\/\/www.horecatrends.com\/#\/schema\/person\/6991c37cea63375734df82189bc434f3\"},\"description\":\"Eight chefs who have ever worked for and are inspired by Alain Passard, have jointly catered a tribute dinner in honor of his cooking style.\",\"breadcrumb\":{\"@id\":\"https:\/\/www.horecatrends.com\/en\/tribute-alain-passard\/#breadcrumb\"},\"inLanguage\":\"en-US\",\"potentialAction\":[{\"@type\":\"ReadAction\",\"target\":[\"https:\/\/www.horecatrends.com\/en\/tribute-alain-passard\/\"]}]},{\"@type\":\"BreadcrumbList\",\"@id\":\"https:\/\/www.horecatrends.com\/en\/tribute-alain-passard\/#breadcrumb\",\"itemListElement\":[{\"@type\":\"ListItem\",\"position\":1,\"name\":\"Home\",\"item\":\"https:\/\/www.horecatrends.com\/en\/\"},{\"@type\":\"ListItem\",\"position\":2,\"name\":\"Tribute to Alain Passard\"}]},{\"@type\":\"WebSite\",\"@id\":\"https:\/\/www.horecatrends.com\/#website\",\"url\":\"https:\/\/www.horecatrends.com\/\",\"name\":\"horecatrends.com\",\"description\":\"Van Spronsen &amp; Partners horeca-advies\",\"potentialAction\":[{\"@type\":\"SearchAction\",\"target\":{\"@type\":\"EntryPoint\",\"urlTemplate\":\"https:\/\/www.horecatrends.com\/?s={search_term_string}\"},\"query-input\":{\"@type\":\"PropertyValueSpecification\",\"valueRequired\":true,\"valueName\":\"search_term_string\"}}],\"inLanguage\":\"en-US\"},{\"@type\":\"Person\",\"@id\":\"https:\/\/www.horecatrends.com\/#\/schema\/person\/6991c37cea63375734df82189bc434f3\",\"name\":\"Marjolein van Spronsen\",\"image\":{\"@type\":\"ImageObject\",\"inLanguage\":\"en-US\",\"@id\":\"https:\/\/www.horecatrends.com\/#\/schema\/person\/image\/\",\"url\":\"https:\/\/secure.gravatar.com\/avatar\/166605ee592e40a4d405e08822d1af2a41cc59723472c9cad8c5d0c17f369c7b?s=96&d=mm&r=g\",\"contentUrl\":\"https:\/\/secure.gravatar.com\/avatar\/166605ee592e40a4d405e08822d1af2a41cc59723472c9cad8c5d0c17f369c7b?s=96&d=mm&r=g\",\"caption\":\"Marjolein van Spronsen\"}}]}<\/script>\n<!-- \/ Yoast SEO plugin. -->","yoast_head_json":{"title":"Tribute to Alain Passard | horecatrends.com","description":"Eight chefs who have ever worked for and are inspired by Alain Passard, have jointly catered a tribute dinner in honor of his cooking style.","robots":{"index":"index","follow":"follow","max-snippet":"max-snippet:-1","max-image-preview":"max-image-preview:large","max-video-preview":"max-video-preview:-1"},"canonical":"https:\/\/www.horecatrends.com\/en\/tribute-alain-passard\/","og_locale":"en_US","og_type":"article","og_title":"Tribute to Alain Passard | horecatrends.com","og_description":"Eight chefs who have ever worked for and are inspired by Alain Passard, have jointly catered a tribute dinner in honor of his cooking style.","og_url":"https:\/\/www.horecatrends.com\/en\/tribute-alain-passard\/","og_site_name":"horecatrends.com","article_published_time":"2014-11-28T14:26:33+00:00","article_modified_time":"2014-11-28T14:53:37+00:00","author":"Marjolein van Spronsen","twitter_misc":{"Written by":"Marjolein van Spronsen","Est. reading time":"1 minute"},"schema":{"@context":"https:\/\/schema.org","@graph":[{"@type":"WebPage","@id":"https:\/\/www.horecatrends.com\/en\/tribute-alain-passard\/","url":"https:\/\/www.horecatrends.com\/en\/tribute-alain-passard\/","name":"Tribute to Alain Passard | horecatrends.com","isPartOf":{"@id":"https:\/\/www.horecatrends.com\/#website"},"datePublished":"2014-11-28T14:26:33+00:00","dateModified":"2014-11-28T14:53:37+00:00","author":{"@id":"https:\/\/www.horecatrends.com\/#\/schema\/person\/6991c37cea63375734df82189bc434f3"},"description":"Eight chefs who have ever worked for and are inspired by Alain Passard, have jointly catered a tribute dinner in honor of his cooking style.","breadcrumb":{"@id":"https:\/\/www.horecatrends.com\/en\/tribute-alain-passard\/#breadcrumb"},"inLanguage":"en-US","potentialAction":[{"@type":"ReadAction","target":["https:\/\/www.horecatrends.com\/en\/tribute-alain-passard\/"]}]},{"@type":"BreadcrumbList","@id":"https:\/\/www.horecatrends.com\/en\/tribute-alain-passard\/#breadcrumb","itemListElement":[{"@type":"ListItem","position":1,"name":"Home","item":"https:\/\/www.horecatrends.com\/en\/"},{"@type":"ListItem","position":2,"name":"Tribute to Alain Passard"}]},{"@type":"WebSite","@id":"https:\/\/www.horecatrends.com\/#website","url":"https:\/\/www.horecatrends.com\/","name":"horecatrends.com","description":"Van Spronsen &amp; Partners horeca-advies","potentialAction":[{"@type":"SearchAction","target":{"@type":"EntryPoint","urlTemplate":"https:\/\/www.horecatrends.com\/?s={search_term_string}"},"query-input":{"@type":"PropertyValueSpecification","valueRequired":true,"valueName":"search_term_string"}}],"inLanguage":"en-US"},{"@type":"Person","@id":"https:\/\/www.horecatrends.com\/#\/schema\/person\/6991c37cea63375734df82189bc434f3","name":"Marjolein van Spronsen","image":{"@type":"ImageObject","inLanguage":"en-US","@id":"https:\/\/www.horecatrends.com\/#\/schema\/person\/image\/","url":"https:\/\/secure.gravatar.com\/avatar\/166605ee592e40a4d405e08822d1af2a41cc59723472c9cad8c5d0c17f369c7b?s=96&d=mm&r=g","contentUrl":"https:\/\/secure.gravatar.com\/avatar\/166605ee592e40a4d405e08822d1af2a41cc59723472c9cad8c5d0c17f369c7b?s=96&d=mm&r=g","caption":"Marjolein van Spronsen"}}]}},"_links":{"self":[{"href":"https:\/\/www.horecatrends.com\/en\/wp-json\/wp\/v2\/posts\/20287","targetHints":{"allow":["GET"]}}],"collection":[{"href":"https:\/\/www.horecatrends.com\/en\/wp-json\/wp\/v2\/posts"}],"about":[{"href":"https:\/\/www.horecatrends.com\/en\/wp-json\/wp\/v2\/types\/post"}],"author":[{"embeddable":true,"href":"https:\/\/www.horecatrends.com\/en\/wp-json\/wp\/v2\/users\/3"}],"replies":[{"embeddable":true,"href":"https:\/\/www.horecatrends.com\/en\/wp-json\/wp\/v2\/comments?post=20287"}],"version-history":[{"count":3,"href":"https:\/\/www.horecatrends.com\/en\/wp-json\/wp\/v2\/posts\/20287\/revisions"}],"predecessor-version":[{"id":20290,"href":"https:\/\/www.horecatrends.com\/en\/wp-json\/wp\/v2\/posts\/20287\/revisions\/20290"}],"wp:attachment":[{"href":"https:\/\/www.horecatrends.com\/en\/wp-json\/wp\/v2\/media?parent=20287"}],"wp:term":[{"taxonomy":"category","embeddable":true,"href":"https:\/\/www.horecatrends.com\/en\/wp-json\/wp\/v2\/categories?post=20287"},{"taxonomy":"post_tag","embeddable":true,"href":"https:\/\/www.horecatrends.com\/en\/wp-json\/wp\/v2\/tags?post=20287"}],"curies":[{"name":"wp","href":"https:\/\/api.w.org\/{rel}","templated":true}]}}